{"id":10968,"date":"2021-04-26T16:18:37","date_gmt":"2021-04-26T16:18:37","guid":{"rendered":"https:\/\/www.anoretaresort.com\/?p=10968"},"modified":"2025-10-02T14:17:48","modified_gmt":"2025-10-02T14:17:48","slug":"anoreta-resort-ht2021-show","status":"publish","type":"post","link":"https:\/\/anoreta.zorrocallao.es\/en\/anoreta-resort-ht2021-show\/","title":{"rendered":"A\u00f1oreta Resort present on the first day of the H&#038;T 2021 Show"},"content":{"rendered":"\t\t<div data-elementor-type=\"wp-post\" data-elementor-id=\"10968\" class=\"elementor elementor-10968 elementor-10948\" data-elementor-post-type=\"post\">\n\t\t\t\t\t\t<section class=\"elementor-section elementor-top-section elementor-element elementor-element-36bebca elementor-section-boxed elementor-section-height-default elementor-section-height-default\" data-id=\"36bebca\" data-element_type=\"section\">\n\t\t\t\t\t\t<div class=\"elementor-container elementor-column-gap-default\">\n\t\t\t\t\t<div class=\"elementor-column elementor-col-100 elementor-top-column elementor-element elementor-element-0157ae8\" data-id=\"0157ae8\" data-element_type=\"column\">\n\t\t\t<div class=\"elementor-widget-wrap elementor-element-populated\">\n\t\t\t\t\t\t<div class=\"elementor-element elementor-element-1ed59a5 elementor-widget elementor-widget-text-editor\" data-id=\"1ed59a5\" data-element_type=\"widget\" data-widget_type=\"text-editor.default\">\n\t\t\t\t\t\t\t\t\t<p>The Palacio de Ferias y Congresos de M\u00e1laga (FYCMA) kicks off one of the most important trade fairs in the tourism and hospitality sector at national level, from today until 28 April.<br \/><br \/>An event which also represents the reactivation of activity after a period of uncertainty and which is expected to join forces and look to the future with enthusiasm for the evolution and development of the hotel and catering sector.<br \/><br \/><strong>A\u00f1oreta Resort<\/strong> did not want to miss the opportunity to be present at such an important event and therefore wanted to inaugurate the <strong>Sabor a M\u00e1laga<\/strong> stand, demonstrating one of its new strong points, gastronomy.<br \/><br \/>Diego Narbona and Daniel Morales, chefs from the <a href=\"http:\/\/www.benditakatalina.com\">Bendita Katalina<\/a> space, wanted to capture the spirit and flavour of our adventurous Katalina, by making her famous warm vegetable salad with grilled avocado. A dish that was very well received by those present and in whose result <strong>Frutas y Verduras Eladio<\/strong> has a lot to do.<\/p><p>\u00a0<\/p><p><a href=\"https:\/\/hyt.fycma.com\/\">More info about H&amp;T<\/a><\/p><p>\u00a0<\/p>\t\t\t\t\t\t\t\t<\/div>\n\t\t\t\t\t<\/div>\n\t\t<\/div>\n\t\t\t\t\t<\/div>\n\t\t<\/section>\n\t\t\t\t<\/div>\n\t\t","protected":false},"excerpt":{"rendered":"<p>The Palacio de Ferias y Congresos de M\u00e1laga (FYCMA) kicks off one of the most important trade fairs in the tourism and hospitality sector at national level, from today until 28 April. An event which also represents the reactivation of activity after a period of uncertainty and which is expected to join forces and look [&hellip;]<\/p>\n","protected":false},"author":1,"featured_media":10972,"comment_status":"open","ping_status":"open","sticky":false,"template":"","format":"standard","meta":{"footnotes":""},"categories":[41],"tags":[],"class_list":["post-10968","post","type-post","status-publish","format-standard","has-post-thumbnail","hentry","category-anoreta-resort"],"yoast_head":"<!-- This site is optimized with the Yoast SEO plugin v25.6 - https:\/\/yoast.com\/wordpress\/plugins\/seo\/ -->\n<title>A\u00f1oreta Resort present on the first day of the H&amp;T 2021 Show - A\u00f1ortea Golf<\/title>\n<meta name=\"description\" content=\"A\u00f1oreta Resort present on the first day of the H&amp;T 2021 Show\" \/>\n<meta name=\"robots\" content=\"noindex, follow, max-snippet:-1, max-image-preview:large, max-video-preview:-1\" \/>\n<meta property=\"og:locale\" content=\"en_US\" \/>\n<meta property=\"og:type\" content=\"article\" \/>\n<meta property=\"og:title\" content=\"A\u00f1oreta Resort present on the first day of the H&amp;T 2021 Show - A\u00f1ortea Golf\" \/>\n<meta property=\"og:description\" content=\"A\u00f1oreta Resort present on the first day of the H&amp;T 2021 Show\" \/>\n<meta property=\"og:url\" content=\"https:\/\/anoreta.zorrocallao.es\/en\/anoreta-resort-ht2021-show\/\" \/>\n<meta property=\"og:site_name\" content=\"A\u00f1ortea Golf\" \/>\n<meta property=\"article:published_time\" content=\"2021-04-26T16:18:37+00:00\" \/>\n<meta property=\"article:modified_time\" content=\"2025-10-02T14:17:48+00:00\" \/>\n<meta property=\"og:image\" content=\"https:\/\/anoreta.zorrocallao.es\/wp-content\/uploads\/2021\/04\/DSC01371-1.jpg\" \/>\n\t<meta property=\"og:image:width\" content=\"1920\" \/>\n\t<meta property=\"og:image:height\" content=\"1080\" \/>\n\t<meta property=\"og:image:type\" content=\"image\/jpeg\" \/>\n<meta name=\"author\" content=\"admin\" \/>\n<meta name=\"twitter:card\" content=\"summary_large_image\" \/>\n<meta name=\"twitter:label1\" content=\"Written by\" \/>\n\t<meta name=\"twitter:data1\" content=\"admin\" \/>\n\t<meta name=\"twitter:label2\" content=\"Est. reading time\" \/>\n\t<meta name=\"twitter:data2\" content=\"1 minute\" \/>\n<script type=\"application\/ld+json\" class=\"yoast-schema-graph\">{\"@context\":\"https:\/\/schema.org\",\"@graph\":[{\"@type\":\"Article\",\"@id\":\"https:\/\/anoreta.zorrocallao.es\/en\/anoreta-resort-ht2021-show\/#article\",\"isPartOf\":{\"@id\":\"https:\/\/anoreta.zorrocallao.es\/en\/anoreta-resort-ht2021-show\/\"},\"author\":{\"name\":\"admin\",\"@id\":\"https:\/\/anoreta.zorrocallao.es\/#\/schema\/person\/27c6ee1c36bef1232c008dd4f0b12762\"},\"headline\":\"A\u00f1oreta Resort present on the first day of the H&#038;T 2021 Show\",\"datePublished\":\"2021-04-26T16:18:37+00:00\",\"dateModified\":\"2025-10-02T14:17:48+00:00\",\"mainEntityOfPage\":{\"@id\":\"https:\/\/anoreta.zorrocallao.es\/en\/anoreta-resort-ht2021-show\/\"},\"wordCount\":182,\"commentCount\":0,\"publisher\":{\"@id\":\"https:\/\/anoreta.zorrocallao.es\/#organization\"},\"image\":{\"@id\":\"https:\/\/anoreta.zorrocallao.es\/en\/anoreta-resort-ht2021-show\/#primaryimage\"},\"thumbnailUrl\":\"https:\/\/anoreta.zorrocallao.es\/wp-content\/uploads\/2021\/04\/DSC01371-1.jpg\",\"articleSection\":[\"A\u00f1oreta Resort\"],\"inLanguage\":\"en-US\",\"potentialAction\":[{\"@type\":\"CommentAction\",\"name\":\"Comment\",\"target\":[\"https:\/\/anoreta.zorrocallao.es\/en\/anoreta-resort-ht2021-show\/#respond\"]}]},{\"@type\":\"WebPage\",\"@id\":\"https:\/\/anoreta.zorrocallao.es\/en\/anoreta-resort-ht2021-show\/\",\"url\":\"https:\/\/anoreta.zorrocallao.es\/en\/anoreta-resort-ht2021-show\/\",\"name\":\"A\u00f1oreta Resort present on the first day of the H&T 2021 Show - A\u00f1ortea Golf\",\"isPartOf\":{\"@id\":\"https:\/\/anoreta.zorrocallao.es\/#website\"},\"primaryImageOfPage\":{\"@id\":\"https:\/\/anoreta.zorrocallao.es\/en\/anoreta-resort-ht2021-show\/#primaryimage\"},\"image\":{\"@id\":\"https:\/\/anoreta.zorrocallao.es\/en\/anoreta-resort-ht2021-show\/#primaryimage\"},\"thumbnailUrl\":\"https:\/\/anoreta.zorrocallao.es\/wp-content\/uploads\/2021\/04\/DSC01371-1.jpg\",\"datePublished\":\"2021-04-26T16:18:37+00:00\",\"dateModified\":\"2025-10-02T14:17:48+00:00\",\"description\":\"A\u00f1oreta Resort present on the first day of the H&T 2021 Show\",\"breadcrumb\":{\"@id\":\"https:\/\/anoreta.zorrocallao.es\/en\/anoreta-resort-ht2021-show\/#breadcrumb\"},\"inLanguage\":\"en-US\",\"potentialAction\":[{\"@type\":\"ReadAction\",\"target\":[\"https:\/\/anoreta.zorrocallao.es\/en\/anoreta-resort-ht2021-show\/\"]}]},{\"@type\":\"ImageObject\",\"inLanguage\":\"en-US\",\"@id\":\"https:\/\/anoreta.zorrocallao.es\/en\/anoreta-resort-ht2021-show\/#primaryimage\",\"url\":\"https:\/\/anoreta.zorrocallao.es\/wp-content\/uploads\/2021\/04\/DSC01371-1.jpg\",\"contentUrl\":\"https:\/\/anoreta.zorrocallao.es\/wp-content\/uploads\/2021\/04\/DSC01371-1.jpg\",\"width\":1920,\"height\":1080},{\"@type\":\"BreadcrumbList\",\"@id\":\"https:\/\/anoreta.zorrocallao.es\/en\/anoreta-resort-ht2021-show\/#breadcrumb\",\"itemListElement\":[{\"@type\":\"ListItem\",\"position\":1,\"name\":\"Inicio\",\"item\":\"https:\/\/anoreta.zorrocallao.es\/en\/home\/\"},{\"@type\":\"ListItem\",\"position\":2,\"name\":\"A\u00f1oreta Resort present on the first day of the H&#038;T 2021 Show\"}]},{\"@type\":\"WebSite\",\"@id\":\"https:\/\/anoreta.zorrocallao.es\/#website\",\"url\":\"https:\/\/anoreta.zorrocallao.es\/\",\"name\":\"A\u00f1ortea Golf\",\"description\":\"A\u00f1oreta Resort, un desaf\u00edo frente al Mar Mediterr\u00e1neo, presenta una propuesta totalmente renovada como Resort &amp; Golf en plena Axarqu\u00eda-Costa del Sol.\",\"publisher\":{\"@id\":\"https:\/\/anoreta.zorrocallao.es\/#organization\"},\"potentialAction\":[{\"@type\":\"SearchAction\",\"target\":{\"@type\":\"EntryPoint\",\"urlTemplate\":\"https:\/\/anoreta.zorrocallao.es\/?s={search_term_string}\"},\"query-input\":{\"@type\":\"PropertyValueSpecification\",\"valueRequired\":true,\"valueName\":\"search_term_string\"}}],\"inLanguage\":\"en-US\"},{\"@type\":\"Organization\",\"@id\":\"https:\/\/anoreta.zorrocallao.es\/#organization\",\"name\":\"A\u00f1ortea Golf\",\"url\":\"https:\/\/anoreta.zorrocallao.es\/\",\"logo\":{\"@type\":\"ImageObject\",\"inLanguage\":\"en-US\",\"@id\":\"https:\/\/anoreta.zorrocallao.es\/#\/schema\/logo\/image\/\",\"url\":\"https:\/\/anoreta.zorrocallao.es\/wp-content\/uploads\/2025\/08\/cropped-Enmascarar-grupo-1-1.png\",\"contentUrl\":\"https:\/\/anoreta.zorrocallao.es\/wp-content\/uploads\/2025\/08\/cropped-Enmascarar-grupo-1-1.png\",\"width\":782,\"height\":287,\"caption\":\"A\u00f1ortea Golf\"},\"image\":{\"@id\":\"https:\/\/anoreta.zorrocallao.es\/#\/schema\/logo\/image\/\"}},{\"@type\":\"Person\",\"@id\":\"https:\/\/anoreta.zorrocallao.es\/#\/schema\/person\/27c6ee1c36bef1232c008dd4f0b12762\",\"name\":\"admin\",\"image\":{\"@type\":\"ImageObject\",\"inLanguage\":\"en-US\",\"@id\":\"https:\/\/anoreta.zorrocallao.es\/#\/schema\/person\/image\/\",\"url\":\"https:\/\/secure.gravatar.com\/avatar\/c513cde02c979a038b11704e7862fb9ea67e4a7877470796b4068ad2e51097a1?s=96&d=mm&r=g\",\"contentUrl\":\"https:\/\/secure.gravatar.com\/avatar\/c513cde02c979a038b11704e7862fb9ea67e4a7877470796b4068ad2e51097a1?s=96&d=mm&r=g\",\"caption\":\"admin\"},\"sameAs\":[\"https:\/\/anoreta.zorrocallao.es\"],\"url\":\"https:\/\/anoreta.zorrocallao.es\/en\/author\/admin\/\"}]}<\/script>\n<!-- \/ Yoast SEO plugin. -->","yoast_head_json":{"title":"A\u00f1oreta Resort present on the first day of the H&T 2021 Show - A\u00f1ortea Golf","description":"A\u00f1oreta Resort present on the first day of the H&T 2021 Show","robots":{"index":"noindex","follow":"follow","max-snippet":"max-snippet:-1","max-image-preview":"max-image-preview:large","max-video-preview":"max-video-preview:-1"},"og_locale":"en_US","og_type":"article","og_title":"A\u00f1oreta Resort present on the first day of the H&T 2021 Show - A\u00f1ortea Golf","og_description":"A\u00f1oreta Resort present on the first day of the H&T 2021 Show","og_url":"https:\/\/anoreta.zorrocallao.es\/en\/anoreta-resort-ht2021-show\/","og_site_name":"A\u00f1ortea Golf","article_published_time":"2021-04-26T16:18:37+00:00","article_modified_time":"2025-10-02T14:17:48+00:00","og_image":[{"width":1920,"height":1080,"url":"https:\/\/anoreta.zorrocallao.es\/wp-content\/uploads\/2021\/04\/DSC01371-1.jpg","type":"image\/jpeg"}],"author":"admin","twitter_card":"summary_large_image","twitter_misc":{"Written by":"admin","Est. reading time":"1 minute"},"schema":{"@context":"https:\/\/schema.org","@graph":[{"@type":"Article","@id":"https:\/\/anoreta.zorrocallao.es\/en\/anoreta-resort-ht2021-show\/#article","isPartOf":{"@id":"https:\/\/anoreta.zorrocallao.es\/en\/anoreta-resort-ht2021-show\/"},"author":{"name":"admin","@id":"https:\/\/anoreta.zorrocallao.es\/#\/schema\/person\/27c6ee1c36bef1232c008dd4f0b12762"},"headline":"A\u00f1oreta Resort present on the first day of the H&#038;T 2021 Show","datePublished":"2021-04-26T16:18:37+00:00","dateModified":"2025-10-02T14:17:48+00:00","mainEntityOfPage":{"@id":"https:\/\/anoreta.zorrocallao.es\/en\/anoreta-resort-ht2021-show\/"},"wordCount":182,"commentCount":0,"publisher":{"@id":"https:\/\/anoreta.zorrocallao.es\/#organization"},"image":{"@id":"https:\/\/anoreta.zorrocallao.es\/en\/anoreta-resort-ht2021-show\/#primaryimage"},"thumbnailUrl":"https:\/\/anoreta.zorrocallao.es\/wp-content\/uploads\/2021\/04\/DSC01371-1.jpg","articleSection":["A\u00f1oreta Resort"],"inLanguage":"en-US","potentialAction":[{"@type":"CommentAction","name":"Comment","target":["https:\/\/anoreta.zorrocallao.es\/en\/anoreta-resort-ht2021-show\/#respond"]}]},{"@type":"WebPage","@id":"https:\/\/anoreta.zorrocallao.es\/en\/anoreta-resort-ht2021-show\/","url":"https:\/\/anoreta.zorrocallao.es\/en\/anoreta-resort-ht2021-show\/","name":"A\u00f1oreta Resort present on the first day of the H&T 2021 Show - A\u00f1ortea Golf","isPartOf":{"@id":"https:\/\/anoreta.zorrocallao.es\/#website"},"primaryImageOfPage":{"@id":"https:\/\/anoreta.zorrocallao.es\/en\/anoreta-resort-ht2021-show\/#primaryimage"},"image":{"@id":"https:\/\/anoreta.zorrocallao.es\/en\/anoreta-resort-ht2021-show\/#primaryimage"},"thumbnailUrl":"https:\/\/anoreta.zorrocallao.es\/wp-content\/uploads\/2021\/04\/DSC01371-1.jpg","datePublished":"2021-04-26T16:18:37+00:00","dateModified":"2025-10-02T14:17:48+00:00","description":"A\u00f1oreta Resort present on the first day of the H&T 2021 Show","breadcrumb":{"@id":"https:\/\/anoreta.zorrocallao.es\/en\/anoreta-resort-ht2021-show\/#breadcrumb"},"inLanguage":"en-US","potentialAction":[{"@type":"ReadAction","target":["https:\/\/anoreta.zorrocallao.es\/en\/anoreta-resort-ht2021-show\/"]}]},{"@type":"ImageObject","inLanguage":"en-US","@id":"https:\/\/anoreta.zorrocallao.es\/en\/anoreta-resort-ht2021-show\/#primaryimage","url":"https:\/\/anoreta.zorrocallao.es\/wp-content\/uploads\/2021\/04\/DSC01371-1.jpg","contentUrl":"https:\/\/anoreta.zorrocallao.es\/wp-content\/uploads\/2021\/04\/DSC01371-1.jpg","width":1920,"height":1080},{"@type":"BreadcrumbList","@id":"https:\/\/anoreta.zorrocallao.es\/en\/anoreta-resort-ht2021-show\/#breadcrumb","itemListElement":[{"@type":"ListItem","position":1,"name":"Inicio","item":"https:\/\/anoreta.zorrocallao.es\/en\/home\/"},{"@type":"ListItem","position":2,"name":"A\u00f1oreta Resort present on the first day of the H&#038;T 2021 Show"}]},{"@type":"WebSite","@id":"https:\/\/anoreta.zorrocallao.es\/#website","url":"https:\/\/anoreta.zorrocallao.es\/","name":"A\u00f1ortea Golf","description":"A\u00f1oreta Resort, un desaf\u00edo frente al Mar Mediterr\u00e1neo, presenta una propuesta totalmente renovada como Resort &amp; Golf en plena Axarqu\u00eda-Costa del Sol.","publisher":{"@id":"https:\/\/anoreta.zorrocallao.es\/#organization"},"potentialAction":[{"@type":"SearchAction","target":{"@type":"EntryPoint","urlTemplate":"https:\/\/anoreta.zorrocallao.es\/?s={search_term_string}"},"query-input":{"@type":"PropertyValueSpecification","valueRequired":true,"valueName":"search_term_string"}}],"inLanguage":"en-US"},{"@type":"Organization","@id":"https:\/\/anoreta.zorrocallao.es\/#organization","name":"A\u00f1ortea Golf","url":"https:\/\/anoreta.zorrocallao.es\/","logo":{"@type":"ImageObject","inLanguage":"en-US","@id":"https:\/\/anoreta.zorrocallao.es\/#\/schema\/logo\/image\/","url":"https:\/\/anoreta.zorrocallao.es\/wp-content\/uploads\/2025\/08\/cropped-Enmascarar-grupo-1-1.png","contentUrl":"https:\/\/anoreta.zorrocallao.es\/wp-content\/uploads\/2025\/08\/cropped-Enmascarar-grupo-1-1.png","width":782,"height":287,"caption":"A\u00f1ortea Golf"},"image":{"@id":"https:\/\/anoreta.zorrocallao.es\/#\/schema\/logo\/image\/"}},{"@type":"Person","@id":"https:\/\/anoreta.zorrocallao.es\/#\/schema\/person\/27c6ee1c36bef1232c008dd4f0b12762","name":"admin","image":{"@type":"ImageObject","inLanguage":"en-US","@id":"https:\/\/anoreta.zorrocallao.es\/#\/schema\/person\/image\/","url":"https:\/\/secure.gravatar.com\/avatar\/c513cde02c979a038b11704e7862fb9ea67e4a7877470796b4068ad2e51097a1?s=96&d=mm&r=g","contentUrl":"https:\/\/secure.gravatar.com\/avatar\/c513cde02c979a038b11704e7862fb9ea67e4a7877470796b4068ad2e51097a1?s=96&d=mm&r=g","caption":"admin"},"sameAs":["https:\/\/anoreta.zorrocallao.es"],"url":"https:\/\/anoreta.zorrocallao.es\/en\/author\/admin\/"}]}},"_links":{"self":[{"href":"https:\/\/anoreta.zorrocallao.es\/en\/wp-json\/wp\/v2\/posts\/10968","targetHints":{"allow":["GET"]}}],"collection":[{"href":"https:\/\/anoreta.zorrocallao.es\/en\/wp-json\/wp\/v2\/posts"}],"about":[{"href":"https:\/\/anoreta.zorrocallao.es\/en\/wp-json\/wp\/v2\/types\/post"}],"author":[{"embeddable":true,"href":"https:\/\/anoreta.zorrocallao.es\/en\/wp-json\/wp\/v2\/users\/1"}],"replies":[{"embeddable":true,"href":"https:\/\/anoreta.zorrocallao.es\/en\/wp-json\/wp\/v2\/comments?post=10968"}],"version-history":[{"count":1,"href":"https:\/\/anoreta.zorrocallao.es\/en\/wp-json\/wp\/v2\/posts\/10968\/revisions"}],"predecessor-version":[{"id":18931,"href":"https:\/\/anoreta.zorrocallao.es\/en\/wp-json\/wp\/v2\/posts\/10968\/revisions\/18931"}],"wp:featuredmedia":[{"embeddable":true,"href":"https:\/\/anoreta.zorrocallao.es\/en\/wp-json\/wp\/v2\/media\/10972"}],"wp:attachment":[{"href":"https:\/\/anoreta.zorrocallao.es\/en\/wp-json\/wp\/v2\/media?parent=10968"}],"wp:term":[{"taxonomy":"category","embeddable":true,"href":"https:\/\/anoreta.zorrocallao.es\/en\/wp-json\/wp\/v2\/categories?post=10968"},{"taxonomy":"post_tag","embeddable":true,"href":"https:\/\/anoreta.zorrocallao.es\/en\/wp-json\/wp\/v2\/tags?post=10968"}],"curies":[{"name":"wp","href":"https:\/\/api.w.org\/{rel}","templated":true}]}}